{"id":892,"date":"2017-08-28T21:30:55","date_gmt":"2017-08-28T21:30:55","guid":{"rendered":"http:\/\/consensussa.net\/blog\/?p=892"},"modified":"2017-08-30T14:16:22","modified_gmt":"2017-08-30T14:16:22","slug":"discurso-condecoracion-manuel-murillo-toro-a-consensus","status":"publish","type":"post","link":"https:\/\/consensussa.net\/blog\/discurso-condecoracion-manuel-murillo-toro-a-consensus\/","title":{"rendered":"Discurso condecoraci\u00f3n Manuel Murillo Toro a Consensus"},"content":{"rendered":"<p>&nbsp;<\/p>\n<p>Bogot\u00e1, Agosto 29 de 2017.<\/p>\n<p><strong>DISCURSO CONDECORACION MANUEL MURILLO TORO A CONSENSUS POR EL APORTE A LAS TECNOLOG\u00cdAS DE LA INFORMACI\u00d3N Y LAS COMUNICACIONES EN COLOMBIA.<\/strong><\/p>\n<p>Doctor David Luna S\u00e1nchez, Ministro de Tecnolog\u00edas de la Informaci\u00f3n y Comunicaciones,<br \/>\nDoctor Daniel Quintero, Viceministro de Econom\u00eda Digital,<br \/>\nLina Mar\u00eda Taborda Giraldo, Directora de Pol\u00edticas y Desarrollo TI,<br \/>\nAndr\u00e9s Carb\u00f3 Abello. Director Cluster de Software y TI C\u00e1mara de Comercio Bogot\u00e1,<br \/>\nPaola Restrepo Ospina, Presidenta Ejecutiva FEDESOFT,<br \/>\nCesar Ayala, Vicepresidente para Latinoam\u00e9rica de SAP Business One<br \/>\nSocios y Directivos de SOFTMANAGEMENT,<br \/>\nSocios, L\u00edderes y Equipo de CONSENSUS,<\/p>\n<p>Honorables invitados y amigos:<\/p>\n<p><strong>\u00abTodo trabajo lleva en s\u00ed su misteriosa recompensa.\u00bb<\/strong> Charles Van Lerberghe, poeta y escritor belga.<\/p>\n<p>La vida del ser humano es una cadena de eventos y retos que se nos trazan cada d\u00eda. As\u00ed mismo es a las empresas, que cuando nacen, van evolucionando y deben transformarse para sobrevivir. CONSENSUS\u2026una idea, un sue\u00f1o, una empresa que naci\u00f3 con el objetivo de trabajar por el mejoramiento de las peque\u00f1as y medianas empresas en Colombia aplicando la mejor tecnolog\u00eda inform\u00e1tica disponible en el mundo y hasta hoy hemos sido fieles a ese principio fundacional.<\/p>\n<p>Toma tiempo empezar a hacer el recorrido desde el 20 de Febrero de 1990 en donde se requiri\u00f3 el coraje de tomar la decisi\u00f3n de emprender el camino en su propio barco, trazar el destino y echarse a la mar, lo que hicieron los socios fundadores Andr\u00e9s Castrill\u00f3n y Adriana Monsalve al definir, en la br\u00fajula de los negocios, el rumbo de los sistemas de informaci\u00f3n empresarial y que hasta hoy ha marcado el principal objetivo de negocios en Consensus, volviendo realidad las palabras de Hemingway \u201cSomos el destino de nuestras primeras decisiones\u201d.<\/p>\n<p>Yo, entusiasmado por ser empresario me un\u00ed a esta aventura sin imaginar que ser\u00eda su capital desde hace 20 a\u00f1os. Ha sido una aventura divertida y ha sido una tarea dif\u00edcil el perdurar entre las mareas y los vaivenes de la vida, los negocios, la trasformaci\u00f3n tecnol\u00f3gica, reconocer el buen viento y los presagios de tormenta.<\/p>\n<p>Todas las empresas tenemos situaciones que determinan la supervivencia de nuestro negocio: el primer colaborador, nuestro primer cliente, el proveedor y aliado estrat\u00e9gico correcto, la venta del primer proyecto grande y el cierre exitoso del mismo para consolidar una experiencia y hacer realidad esa primera idea de negocio, tambi\u00e9n superar los proyectos dif\u00edciles y frustrados, pues de ellos aprendimos lo m\u00e1s valioso: entender la responsabilidad que conlleva el ser el aliado, el consejero, el asesor de tecnolog\u00eda de nuestros clientes y que nos dio la fuerza de continuar y no abandonar el barco.<\/p>\n<p>Consensus hoy, a sus 27 a\u00f1os, es un ente vivo en evoluci\u00f3n constante, un sue\u00f1o hecho realidad y un anhelo de futuro.<\/p>\n<p>Agradezco a todos las personas que han trabajado directa e indirectamente por el constante crecimiento de Consensus: al equipo: nuestro talento humano lleno de ingenio y dedicaci\u00f3n, nuestros clientes por su confianza, nuestros socios de negocio y proveedores que han permitido, no solo la transmisi\u00f3n de conocimiento, sino que han acelerado el proceso de adopci\u00f3n de nuevas tecnolog\u00edas para las peque\u00f1as y medianas empresas en Colombia, a nuestras familias que son nuestro sustento, fuente de amor, motivaci\u00f3n y constante apoyo en cada momento. A los socios actuales de Consensus: Andr\u00e9s Castrill\u00f3n, Federico Montealegre, Guillermo Ocampo y Mauricio Castrill\u00f3n, por compartir una visi\u00f3n y levantarse cada d\u00eda para hacerla realidad.<\/p>\n<p>Hacer empresa no es f\u00e1cil\u2026cuando hay avances olvidamos lo dif\u00edcil que ha sido y que tenemos un presente por cumplir y un futuro por construir.<\/p>\n<p>Este reconocimiento que hoy nos otorga el Ministerio de las Tecnolog\u00edas de la Informaci\u00f3n y Comunicaciones, por nuestro aporte a la industria TIC en Colombia, es una gran oportunidad para reflexionar y llenarnos de optimismo; conlleva una gran responsabilidad, pues a quienes tenemos el privilegio y el honor de estar en este escenario, se nos exige el compromiso de seguir haciendo empresa, generar trabajo, impactar positivamente la vida de nuestro entorno, trabajar por hacer grande la industria de software colombiano, pero es, adem\u00e1s, un d\u00eda en el que vale la pena pensar en nuestra sociedad y pa\u00eds, en c\u00f3mo el estado debe de proveer seguridad, legalidad, mecanismos de anticorrupci\u00f3n para que en ese c\u00edrculo virtuoso de la creaci\u00f3n de valor compartido definido por los profesores Michael Porter y Mark Kramer se genere el empleo y la riqueza para sus ciudadanos.<\/p>\n<p>Los socios constantemente nos preguntamos \u00bfCu\u00e1l es el granito de arena que aportamos, con nuestro trabajo, para la construcci\u00f3n de la industria colombiana y, sobre todo, a nuestra sociedad?<br \/>\nY firmemente creemos que la generaci\u00f3n de trabajo es el motor que permite el crecimiento de nuestro pa\u00eds, que tenemos una capacidad y talento alrededor de las nuevas tecnolog\u00edas inform\u00e1ticas para que nuestros clientes sean m\u00e1s productivos, sobrevivan como nosotros a la evoluci\u00f3n digital y adem\u00e1s para llevar nuestras creaciones a muchas partes del mundo.<\/p>\n<p>El momento hist\u00f3rico que nos corresponde vivir en Colombia, con el fin del conflicto armado, la reconciliaci\u00f3n de nuestra sociedad, la revoluci\u00f3n digital y el futuro de nuestros descendientes, nos hace creer (a\u00fan m\u00e1s) que desde Consensus seguimos aportando a la generaci\u00f3n de oportunidades que, a corto y largo plazo, se convertir\u00e1n en desaf\u00edos que estamos dispuestos a seguir enfrentando con la misma experticia que nos ha permitido trabajar durante estos 27 a\u00f1os.<\/p>\n<p>David Luna, Ministro de las TIC, afirma que en su gobierno \u201cHacemos posible lo que parec\u00eda imposible porque lo hacemos de coraz\u00f3n\u201d y es as\u00ed como debemos trabajar a diario para seguir construyendo la industria de software\u2026para seguir construyendo pa\u00eds, porque en Consensus siempre lo hemos hecho de coraz\u00f3n.<\/p>\n<p>Para finalizar quiero recordar una de las tantas reflexiones de Mahatma Gandhi, <strong>Nuestra recompensa se encuentra en el esfuerzo y no en el resultado<\/strong>. <strong>Un esfuerzo total es una victoria completa<\/strong>.<\/p>\n<p>Desde Consensus sumaremos todo el esfuerzo de nuestro capital humano para acelerar la implementaci\u00f3n tecnol\u00f3gica para las empresas peque\u00f1as y medianas, hacerlas m\u00e1s competitivas, que crezcan, se trasformen, pues de su evoluci\u00f3n depende la nuestra, y esa es la victoria completa.<\/p>\n<p>Gracias por esta magna distinci\u00f3n a los que hacemos <strong>CONSENSUS<\/strong>.<\/p>\n<p><em><strong>Benjam\u00edn Archila, Gerente General Consensus S.A.S.<\/strong><\/em><\/p>\n","protected":false},"excerpt":{"rendered":"<p>&nbsp; Bogot\u00e1, Agosto 29 de 2017. DISCURSO CONDECORACION MANUEL MURILLO TORO A CONSENSUS POR EL APORTE A LAS TECNOLOG\u00cdAS DE LA INFORMACI\u00d3N Y LAS COMUNICACIONES EN COLOMBIA. Doctor David Luna S\u00e1nchez, Ministro de Tecnolog\u00edas de la Informaci\u00f3n y Comunicaciones, Doctor Daniel Quintero, Viceministro de Econom\u00eda Digital, Lina Mar\u00eda Taborda Giraldo, Directora de Pol\u00edticas y Desarrollo &hellip; <\/p>\n<p class=\"link-more\"><a href=\"https:\/\/consensussa.net\/blog\/discurso-condecoracion-manuel-murillo-toro-a-consensus\/\" class=\"more-link\">Continuar leyendo<span class=\"screen-reader-text\"> \u00abDiscurso condecoraci\u00f3n Manuel Murillo Toro a Consensus\u00bb<\/span><\/a><\/p>\n","protected":false},"author":1,"featured_media":0,"comment_status":"open","ping_status":"open","sticky":false,"template":"","format":"standard","meta":[],"categories":[4,3,5],"tags":[178,197,299,155,296,240,295,292,204,58,298,297,293,151,294,86,9,13,7,291,8],"_links":{"self":[{"href":"https:\/\/consensussa.net\/blog\/wp-json\/wp\/v2\/posts\/892"}],"collection":[{"href":"https:\/\/consensussa.net\/blog\/wp-json\/wp\/v2\/posts"}],"about":[{"href":"https:\/\/consensussa.net\/blog\/wp-json\/wp\/v2\/types\/post"}],"author":[{"embeddable":true,"href":"https:\/\/consensussa.net\/blog\/wp-json\/wp\/v2\/users\/1"}],"replies":[{"embeddable":true,"href":"https:\/\/consensussa.net\/blog\/wp-json\/wp\/v2\/comments?post=892"}],"version-history":[{"count":5,"href":"https:\/\/consensussa.net\/blog\/wp-json\/wp\/v2\/posts\/892\/revisions"}],"predecessor-version":[{"id":897,"href":"https:\/\/consensussa.net\/blog\/wp-json\/wp\/v2\/posts\/892\/revisions\/897"}],"wp:attachment":[{"href":"https:\/\/consensussa.net\/blog\/wp-json\/wp\/v2\/media?parent=892"}],"wp:term":[{"taxonomy":"category","embeddable":true,"href":"https:\/\/consensussa.net\/blog\/wp-json\/wp\/v2\/categories?post=892"},{"taxonomy":"post_tag","embeddable":true,"href":"https:\/\/consensussa.net\/blog\/wp-json\/wp\/v2\/tags?post=892"}],"curies":[{"name":"wp","href":"https:\/\/api.w.org\/{rel}","templated":true}]}}