{"id":86,"date":"2014-04-08T16:52:56","date_gmt":"2014-04-08T16:52:56","guid":{"rendered":"http:\/\/consensussa.net\/blog\/?p=86"},"modified":"2014-04-08T17:29:16","modified_gmt":"2014-04-08T17:29:16","slug":"expo-mipyme-digital","status":"publish","type":"post","link":"https:\/\/consensussa.net\/blog\/expo-mipyme-digital\/","title":{"rendered":"EXPO MiPyme DIGITAL 2014"},"content":{"rendered":"<p>El Ministerio de las Tecnolog\u00edas de la Informaci\u00f3n y las Comunicaciones (TIC), la revista ENTER.CO y easyFairs \u00a0nos invitaron a participar en la tercera versi\u00f3n de EXPO MiPyme DIGITAL, se realizo el 26 y 27 de marzo en el Centro de Convenciones de Compensar.<!--more--><\/p>\n<p><span style=\"word-spacing: normal;\">Los asistentes encontraron actividades como la muestra comercial, el\u00a0<\/span>seminario acad\u00e9mico, rutas interactivas, sal\u00f3n de infograf\u00edas y otros espacios pensados para resolver las principales inquietudes sobre tecnolog\u00eda de los micro, peque\u00f1os y medianos empresarios.<a href=\"http:\/\/consensussa.net\/blog\/wp-content\/uploads\/2014\/04\/IMG_0948.jpg\"><img decoding=\"async\" loading=\"lazy\" class=\"aligncenter size-medium wp-image-87\" alt=\"Expo PYME Digital \" src=\"http:\/\/consensussa.net\/blog\/wp-content\/uploads\/2014\/04\/IMG_0948-300x223.jpg\" width=\"300\" height=\"223\" srcset=\"https:\/\/consensussa.net\/blog\/wp-content\/uploads\/2014\/04\/IMG_0948-300x223.jpg 300w, https:\/\/consensussa.net\/blog\/wp-content\/uploads\/2014\/04\/IMG_0948.jpg 500w\" sizes=\"(max-width: 300px) 100vw, 300px\" \/><\/a> <a href=\"http:\/\/consensussa.net\/blog\/wp-content\/uploads\/2014\/04\/IMG_0951.jpg\"><img decoding=\"async\" loading=\"lazy\" class=\"aligncenter size-medium wp-image-88\" alt=\"Expo PYME Digital 2014\" src=\"http:\/\/consensussa.net\/blog\/wp-content\/uploads\/2014\/04\/IMG_0951-300x223.jpg\" width=\"300\" height=\"223\" srcset=\"https:\/\/consensussa.net\/blog\/wp-content\/uploads\/2014\/04\/IMG_0951-300x223.jpg 300w, https:\/\/consensussa.net\/blog\/wp-content\/uploads\/2014\/04\/IMG_0951.jpg 500w\" sizes=\"(max-width: 300px) 100vw, 300px\" \/><\/a> <a href=\"http:\/\/consensussa.net\/blog\/wp-content\/uploads\/2014\/04\/IMG_09541.jpg\"><img decoding=\"async\" loading=\"lazy\" class=\"aligncenter size-medium wp-image-90\" alt=\"Benjam\u00edn Archila \" src=\"http:\/\/consensussa.net\/blog\/wp-content\/uploads\/2014\/04\/IMG_09541-300x223.jpg\" width=\"300\" height=\"223\" srcset=\"https:\/\/consensussa.net\/blog\/wp-content\/uploads\/2014\/04\/IMG_09541-300x223.jpg 300w, https:\/\/consensussa.net\/blog\/wp-content\/uploads\/2014\/04\/IMG_09541.jpg 500w\" sizes=\"(max-width: 300px) 100vw, 300px\" \/><\/a> <a href=\"http:\/\/consensussa.net\/blog\/wp-content\/uploads\/2014\/04\/IMG_0938.jpg\"><img decoding=\"async\" loading=\"lazy\" class=\"aligncenter size-medium wp-image-100\" alt=\"Stand Expo PYME 2014\" src=\"http:\/\/consensussa.net\/blog\/wp-content\/uploads\/2014\/04\/IMG_0938-300x223.jpg\" width=\"300\" height=\"223\" srcset=\"https:\/\/consensussa.net\/blog\/wp-content\/uploads\/2014\/04\/IMG_0938-300x223.jpg 300w, https:\/\/consensussa.net\/blog\/wp-content\/uploads\/2014\/04\/IMG_0938.jpg 500w\" sizes=\"(max-width: 300px) 100vw, 300px\" \/><\/a> <a href=\"http:\/\/consensussa.net\/blog\/wp-content\/uploads\/2014\/04\/IMG-20140326-WA0001.jpg\"><img decoding=\"async\" loading=\"lazy\" class=\"aligncenter size-medium wp-image-102\" alt=\"Evento Expo PYME 2014\" src=\"http:\/\/consensussa.net\/blog\/wp-content\/uploads\/2014\/04\/IMG-20140326-WA0001-300x225.jpg\" width=\"300\" height=\"225\" srcset=\"https:\/\/consensussa.net\/blog\/wp-content\/uploads\/2014\/04\/IMG-20140326-WA0001-300x225.jpg 300w, https:\/\/consensussa.net\/blog\/wp-content\/uploads\/2014\/04\/IMG-20140326-WA0001.jpg 500w\" sizes=\"(max-width: 300px) 100vw, 300px\" \/><\/a><\/p>\n","protected":false},"excerpt":{"rendered":"<p>El Ministerio de las Tecnolog\u00edas de la Informaci\u00f3n y las Comunicaciones (TIC), la revista ENTER.CO y easyFairs \u00a0nos invitaron a participar en la tercera versi\u00f3n de EXPO MiPyme DIGITAL, se realizo el 26 y 27 de marzo en el Centro de Convenciones de Compensar.<\/p>\n","protected":false},"author":1,"featured_media":0,"comment_status":"open","ping_status":"open","sticky":false,"template":"","format":"standard","meta":[],"categories":[4],"tags":[105,7],"_links":{"self":[{"href":"https:\/\/consensussa.net\/blog\/wp-json\/wp\/v2\/posts\/86"}],"collection":[{"href":"https:\/\/consensussa.net\/blog\/wp-json\/wp\/v2\/posts"}],"about":[{"href":"https:\/\/consensussa.net\/blog\/wp-json\/wp\/v2\/types\/post"}],"author":[{"embeddable":true,"href":"https:\/\/consensussa.net\/blog\/wp-json\/wp\/v2\/users\/1"}],"replies":[{"embeddable":true,"href":"https:\/\/consensussa.net\/blog\/wp-json\/wp\/v2\/comments?post=86"}],"version-history":[{"count":12,"href":"https:\/\/consensussa.net\/blog\/wp-json\/wp\/v2\/posts\/86\/revisions"}],"predecessor-version":[{"id":104,"href":"https:\/\/consensussa.net\/blog\/wp-json\/wp\/v2\/posts\/86\/revisions\/104"}],"wp:attachment":[{"href":"https:\/\/consensussa.net\/blog\/wp-json\/wp\/v2\/media?parent=86"}],"wp:term":[{"taxonomy":"category","embeddable":true,"href":"https:\/\/consensussa.net\/blog\/wp-json\/wp\/v2\/categories?post=86"},{"taxonomy":"post_tag","embeddable":true,"href":"https:\/\/consensussa.net\/blog\/wp-json\/wp\/v2\/tags?post=86"}],"curies":[{"name":"wp","href":"https:\/\/api.w.org\/{rel}","templated":true}]}}