{"id":730,"date":"2017-03-06T16:32:05","date_gmt":"2017-03-06T16:32:05","guid":{"rendered":"http:\/\/consensussa.net\/blog\/?p=730"},"modified":"2017-03-06T16:32:05","modified_gmt":"2017-03-06T16:32:05","slug":"consensus-day-un-evento-exclusivo-para-pymes","status":"publish","type":"post","link":"https:\/\/consensussa.net\/blog\/consensus-day-un-evento-exclusivo-para-pymes\/","title":{"rendered":"Consensus Day: un evento exclusivo para Pymes"},"content":{"rendered":"<p>06-03-2017<\/p>\n<p>En el marco de la celebraci\u00f3n de nuestros 27 a\u00f1os, el D\u00eda del Cliente Consensus fue la oportunidad de acercarnos m\u00e1s a quienes han logrado construir esta gran familia. Alrededor de 200 Pymes colombianas y m\u00e1s de 400 asistentes fue la cifra que dej\u00f3 este gran evento en el que particip\u00f3, adem\u00e1s, C\u00e9sar Ayala, Presidente de SAP Business One para Latinoam\u00e9rica.<\/p>\n<p>Medios de Comunicaci\u00f3n nacionales como el diario La Rep\u00fablica y Portafolio cubrieron el evento que tuvo como objetivo crear lazos con nuestros clientes y ser el aliado principal en el progreso de sus empresas. Conozca, a continuaci\u00f3n, el registro social del diario La Rep\u00fablica y Portafolio, el diario econ\u00f3mico m\u00e1s grande de nuestro pa\u00eds:<\/p>\n<p style=\"text-align: center;\"><strong>Diario Portafolio: 5 de marzo 2017. Secci\u00f3n Vitrinas<\/strong><\/p>\n<p style=\"text-align: center;\"><em>Haga <a href=\"http:\/\/www.larepublica.co\/consensus-day-un-evento-exclusivo-para-pymes_479531\">clic aqu\u00ed<\/a> y acceda a la nota completa<\/em><\/p>\n<p><img decoding=\"async\" loading=\"lazy\" class=\"wp-image-734 aligncenter\" src=\"http:\/\/consensussa.net\/blog\/wp-content\/uploads\/2017\/03\/20170306_102504.jpg\" alt=\"20170306_102504\" width=\"414\" height=\"222\" srcset=\"https:\/\/consensussa.net\/blog\/wp-content\/uploads\/2017\/03\/20170306_102504.jpg 2730w, https:\/\/consensussa.net\/blog\/wp-content\/uploads\/2017\/03\/20170306_102504-300x161.jpg 300w, https:\/\/consensussa.net\/blog\/wp-content\/uploads\/2017\/03\/20170306_102504-768x411.jpg 768w, https:\/\/consensussa.net\/blog\/wp-content\/uploads\/2017\/03\/20170306_102504-1024x548.jpg 1024w\" sizes=\"(max-width: 414px) 100vw, 414px\" \/><\/p>\n<p><img decoding=\"async\" loading=\"lazy\" class=\"wp-image-733 aligncenter\" src=\"http:\/\/consensussa.net\/blog\/wp-content\/uploads\/2017\/03\/20170306_102442.jpg\" alt=\"20170306_102442\" width=\"382\" height=\"521\" srcset=\"https:\/\/consensussa.net\/blog\/wp-content\/uploads\/2017\/03\/20170306_102442.jpg 1913w, https:\/\/consensussa.net\/blog\/wp-content\/uploads\/2017\/03\/20170306_102442-220x300.jpg 220w, https:\/\/consensussa.net\/blog\/wp-content\/uploads\/2017\/03\/20170306_102442-768x1047.jpg 768w, https:\/\/consensussa.net\/blog\/wp-content\/uploads\/2017\/03\/20170306_102442-751x1024.jpg 751w\" sizes=\"(max-width: 382px) 100vw, 382px\" \/><\/p>\n<p style=\"text-align: center;\"><strong>Diario La Rep\u00fablica: 5 de marzo 2017. Secci\u00f3n Negocio<\/strong><\/p>\n<p style=\"text-align: center;\"><img decoding=\"async\" loading=\"lazy\" class=\"wp-image-732 aligncenter\" src=\"http:\/\/consensussa.net\/blog\/wp-content\/uploads\/2017\/03\/20170306_102226.jpg\" alt=\"20170306_102226\" width=\"345\" height=\"236\" srcset=\"https:\/\/consensussa.net\/blog\/wp-content\/uploads\/2017\/03\/20170306_102226.jpg 2373w, https:\/\/consensussa.net\/blog\/wp-content\/uploads\/2017\/03\/20170306_102226-300x205.jpg 300w, https:\/\/consensussa.net\/blog\/wp-content\/uploads\/2017\/03\/20170306_102226-768x525.jpg 768w, https:\/\/consensussa.net\/blog\/wp-content\/uploads\/2017\/03\/20170306_102226-1024x700.jpg 1024w\" sizes=\"(max-width: 345px) 100vw, 345px\" \/><\/p>\n<p style=\"text-align: center;\"><img decoding=\"async\" loading=\"lazy\" class=\"wp-image-731 aligncenter\" src=\"http:\/\/consensussa.net\/blog\/wp-content\/uploads\/2017\/03\/20170306_102213.jpg\" alt=\"20170306_102213\" width=\"367\" height=\"571\" srcset=\"https:\/\/consensussa.net\/blog\/wp-content\/uploads\/2017\/03\/20170306_102213.jpg 1764w, https:\/\/consensussa.net\/blog\/wp-content\/uploads\/2017\/03\/20170306_102213-193x300.jpg 193w, https:\/\/consensussa.net\/blog\/wp-content\/uploads\/2017\/03\/20170306_102213-768x1195.jpg 768w, https:\/\/consensussa.net\/blog\/wp-content\/uploads\/2017\/03\/20170306_102213-658x1024.jpg 658w\" sizes=\"(max-width: 367px) 100vw, 367px\" \/><\/p>\n","protected":false},"excerpt":{"rendered":"<p>06-03-2017 En el marco de la celebraci\u00f3n de nuestros 27 a\u00f1os, el D\u00eda del Cliente Consensus fue la oportunidad de acercarnos m\u00e1s a quienes han logrado construir esta gran familia. Alrededor de 200 Pymes colombianas y m\u00e1s de 400 asistentes fue la cifra que dej\u00f3 este gran evento en el que particip\u00f3, adem\u00e1s, C\u00e9sar Ayala, &hellip; <\/p>\n<p class=\"link-more\"><a href=\"https:\/\/consensussa.net\/blog\/consensus-day-un-evento-exclusivo-para-pymes\/\" class=\"more-link\">Continuar leyendo<span class=\"screen-reader-text\"> \u00abConsensus Day: un evento exclusivo para Pymes\u00bb<\/span><\/a><\/p>\n","protected":false},"author":1,"featured_media":0,"comment_status":"open","ping_status":"open","sticky":false,"template":"","format":"standard","meta":[],"categories":[4,3,5],"tags":[131,147,27,19,22,23,16,9,176,13,7,118,135,72,127,47,87,88,26,91,120,95,94,66,98,92,59,28,46,8,21],"_links":{"self":[{"href":"https:\/\/consensussa.net\/blog\/wp-json\/wp\/v2\/posts\/730"}],"collection":[{"href":"https:\/\/consensussa.net\/blog\/wp-json\/wp\/v2\/posts"}],"about":[{"href":"https:\/\/consensussa.net\/blog\/wp-json\/wp\/v2\/types\/post"}],"author":[{"embeddable":true,"href":"https:\/\/consensussa.net\/blog\/wp-json\/wp\/v2\/users\/1"}],"replies":[{"embeddable":true,"href":"https:\/\/consensussa.net\/blog\/wp-json\/wp\/v2\/comments?post=730"}],"version-history":[{"count":1,"href":"https:\/\/consensussa.net\/blog\/wp-json\/wp\/v2\/posts\/730\/revisions"}],"predecessor-version":[{"id":735,"href":"https:\/\/consensussa.net\/blog\/wp-json\/wp\/v2\/posts\/730\/revisions\/735"}],"wp:attachment":[{"href":"https:\/\/consensussa.net\/blog\/wp-json\/wp\/v2\/media?parent=730"}],"wp:term":[{"taxonomy":"category","embeddable":true,"href":"https:\/\/consensussa.net\/blog\/wp-json\/wp\/v2\/categories?post=730"},{"taxonomy":"post_tag","embeddable":true,"href":"https:\/\/consensussa.net\/blog\/wp-json\/wp\/v2\/tags?post=730"}],"curies":[{"name":"wp","href":"https:\/\/api.w.org\/{rel}","templated":true}]}}